{"id":304,"date":"2015-05-18T16:39:03","date_gmt":"2015-05-18T15:39:03","guid":{"rendered":"http:\/\/aquiyahora.org\/?p=304"},"modified":"2015-06-17T10:10:45","modified_gmt":"2015-06-17T09:10:45","slug":"milonga-negra-020715","status":"publish","type":"post","link":"https:\/\/aquiyahora.org\/?p=304","title":{"rendered":"Milonga Negra 02\/07\/15 &#8211; La Grainerie"},"content":{"rendered":"<p style=\"text-align: center;\">Oyez, oyez !<\/p>\n<p style=\"text-align: center;\">Le 02 juillet \u00e0 de 22h30 \u00e0 03h00, Aqui y Ahora vous pr\u00e9sente un tout <strong>nouveau projet<\/strong> :<\/p>\n<h1 style=\"text-align: center;\"><strong>La Milonga Negra<\/strong><\/h1>\n<h3 style=\"text-align: center;\"><strong>SOIR\u00c9E D\u00c9COUVERTES &#8211; TANGO INSOLITE <\/strong><\/h3>\n<p><a href=\"http:\/\/aquiyahora.org\/wp-content\/uploads\/2015\/05\/recto.jpg\"><img loading=\"lazy\" decoding=\"async\" class=\"  wp-image-305 aligncenter\" src=\"http:\/\/aquiyahora.org\/wp-content\/uploads\/2015\/05\/recto-300x212.jpg\" alt=\"recto\" width=\"570\" height=\"403\" srcset=\"https:\/\/aquiyahora.org\/wp-content\/uploads\/2015\/05\/recto-300x212.jpg 300w, https:\/\/aquiyahora.org\/wp-content\/uploads\/2015\/05\/recto.jpg 900w\" sizes=\"auto, (max-width: 570px) 100vw, 570px\" \/><\/a><\/p>\n<p style=\"text-align: center;\">Vous les danseurs effr\u00e9n\u00e9s, les po\u00e8tes d&rsquo;un soir, les curieux avides de surprenantes d\u00e9couvertes&#8230;.\u00a0 Ici, vous allez entrer dans le <strong>labyrinthe des Perceptions<\/strong>, passant de la piste de danse, aux curiosit\u00e9s artistiques, de la joie du mouvement aux interrogations visuelles et auditives\u2026<\/p>\n<p style=\"text-align: center;\">Ce ne sera pas une nuit ordinaire ! Ce soir l\u00e0 vont s&rsquo;articuler <strong>le tango, les arts plastiques, la po\u00e9sie, les arts du cirque&#8230;<\/strong><\/p>\n<p style=\"text-align: center;\">Laissez-vous surprendre par un univers<strong> hybride, insolite et po\u00e9tique<\/strong> !!!<\/p>\n<p style=\"text-align: center;\">Et pour c\u00e9l\u00e9brer cette nouvelle exp\u00e9rience, c\u2019est le <strong>DJ Fred2Gap<\/strong> qui vous enchantera par sa musique recherch\u00e9e sp\u00e9cialement pour l\u2019occasion\u2026<\/p>\n<p style=\"text-align: center;\"><em>\u00ab Le tango, c\u2019est un aller-retour entre plusieurs cultures. Negra, c\u2019est l\u2019origine, les racines. Et \u00e0 travers cela, nous forgeons notre propre identit\u00e9 \u00bb<\/em><\/p>\n<p style=\"text-align: center;\"><strong>La Grainerie<\/strong>, 61 rue Saint-Jean, 31130 Balma<\/p>\n<p style=\"text-align: center;\">Tarif : 8\u20ac<\/p>\n<p style=\"text-align: center;\">Artistes invit\u00e9s : Sofia Rodriguez (installations plastiques), Rocco Sedano (Folklore Argentin), et Andr\u00e9a Schulte (M\u00e2t chinois)<\/p>\n<p style=\"text-align: center;\">\n<h6 style=\"text-align: center;\"><a href=\"http:\/\/aquiyahora.org\/wp-content\/uploads\/2015\/05\/andr\u00e9a-schulte.jpg\"><img loading=\"lazy\" decoding=\"async\" class=\"alignnone  wp-image-328\" src=\"http:\/\/aquiyahora.org\/wp-content\/uploads\/2015\/05\/andr\u00e9a-schulte-300x199.jpg\" alt=\"andr\u00e9a schulte\" width=\"259\" height=\"172\" srcset=\"https:\/\/aquiyahora.org\/wp-content\/uploads\/2015\/05\/andr\u00e9a-schulte-300x199.jpg 300w, https:\/\/aquiyahora.org\/wp-content\/uploads\/2015\/05\/andr\u00e9a-schulte-1024x678.jpg 1024w, https:\/\/aquiyahora.org\/wp-content\/uploads\/2015\/05\/andr\u00e9a-schulte.jpg 1134w\" sizes=\"auto, (max-width: 259px) 100vw, 259px\" \/><\/a><\/h6>\n<h6 style=\"text-align: center;\">Andr\u00e9a Schulte, m\u00e2t chinois<\/h6>\n<h6 style=\"text-align: center;\"><\/h6>\n<h6 style=\"text-align: center;\">\u00a0\u00a0\u00a0\u00a0 <a href=\"http:\/\/aquiyahora.org\/wp-content\/uploads\/2015\/05\/Rocco-Sedano-1.jpg\"><img loading=\"lazy\" decoding=\"async\" class=\"alignnone  wp-image-329\" src=\"http:\/\/aquiyahora.org\/wp-content\/uploads\/2015\/05\/Rocco-Sedano-1-300x300.jpg\" alt=\"Rocco Sedano 1\" width=\"212\" height=\"212\" srcset=\"https:\/\/aquiyahora.org\/wp-content\/uploads\/2015\/05\/Rocco-Sedano-1-300x300.jpg 300w, https:\/\/aquiyahora.org\/wp-content\/uploads\/2015\/05\/Rocco-Sedano-1-150x150.jpg 150w, https:\/\/aquiyahora.org\/wp-content\/uploads\/2015\/05\/Rocco-Sedano-1.jpg 610w\" sizes=\"auto, (max-width: 212px) 100vw, 212px\" \/><\/a><\/h6>\n<h6 style=\"text-align: center;\"><\/h6>\n<h6 style=\"text-align: center;\"><\/h6>\n<h6 style=\"text-align: center;\">\u00a0Rocco Sedano, folklore argentin<\/h6>\n<p>&nbsp;<\/p>\n<p style=\"text-align: center;\">\n<p style=\"text-align: center;\">\n<p style=\"text-align: center;\">\n<p style=\"text-align: center;\">\n<p style=\"text-align: center;\"><strong><em>Autour de la Milonga Negra&#8230;. :<\/em><\/strong><\/p>\n<p style=\"text-align: center;\"><strong><em>Durant la semaine, Aqui y Ahora pr\u00e9sente d&rsquo;autres activit\u00e9s pour le festival Tangopostale :<\/em><\/strong><\/p>\n<p style=\"text-align: center;\">\n<p style=\"text-align: center;\">\n<p style=\"text-align: center;\">\n<p style=\"text-align: center;\">Mardi 30 Juin, 17h30-19h<\/p>\n<p style=\"text-align: center;\">Place de la Trinit\u00e9<\/p>\n<p style=\"text-align: center;\"><a title=\"Entre deux, en la Calle : initiation au tango, tandas, num\u00e9ro de clown, spectacle tango-capoeira.....\" href=\"http:\/\/aquiyahora.org\/?page_id=188\" target=\"_blank\"><strong>\u00ab\u00a0Entre deux, en la Calle\u00a0\u00bb:\u00a0 initiation au tango, num\u00e9ro de clown, spectacle tango-capoeira&#8230;<\/strong><\/a><\/p>\n<p style=\"text-align: center;\">\n<p style=\"text-align: center;\">\n<p style=\"text-align: center;\">\n<p style=\"text-align: center;\">\n<p style=\"text-align: center;\">Jeudi 2 juillet, 10h45-15h15<\/p>\n<p style=\"text-align: center;\">Espace Saint Cyprien<\/p>\n<p style=\"text-align: center;\"><strong><a title=\"Ateliers de Tango argentin avec Natalia Bearzotti\" href=\"http:\/\/aquiyahora.org\/?page_id=185\" target=\"_blank\">Ateliers de Tango Argentin avec Natalia Bearzotti !<\/a><\/strong><\/p>\n","protected":false},"excerpt":{"rendered":"<p>Oyez, oyez ! Le 02 juillet \u00e0 de 22h30 \u00e0 03h00, Aqui y Ahora vous pr\u00e9sente un tout nouveau projet : La Milonga Negra SOIR\u00c9E D\u00c9COUVERTES &#8211; TANGO INSOLITE Vous les danseurs effr\u00e9n\u00e9s, les po\u00e8tes d&rsquo;un soir, les curieux avides de surprenantes d\u00e9couvertes&#8230;.\u00a0 Ici, vous allez entrer dans le labyrinthe des Perceptions, passant de la [&hellip;]<\/p>\n","protected":false},"author":3,"featured_media":305,"comment_status":"closed","ping_status":"open","sticky":false,"template":"","format":"standard","meta":{"footnotes":""},"categories":[1,4],"tags":[],"class_list":["post-304","post","type-post","status-publish","format-standard","hentry","category-cours","category-milonga"],"_links":{"self":[{"href":"https:\/\/aquiyahora.org\/index.php?rest_route=\/wp\/v2\/posts\/304","targetHints":{"allow":["GET"]}}],"collection":[{"href":"https:\/\/aquiyahora.org\/index.php?rest_route=\/wp\/v2\/posts"}],"about":[{"href":"https:\/\/aquiyahora.org\/index.php?rest_route=\/wp\/v2\/types\/post"}],"author":[{"embeddable":true,"href":"https:\/\/aquiyahora.org\/index.php?rest_route=\/wp\/v2\/users\/3"}],"replies":[{"embeddable":true,"href":"https:\/\/aquiyahora.org\/index.php?rest_route=%2Fwp%2Fv2%2Fcomments&post=304"}],"version-history":[{"count":8,"href":"https:\/\/aquiyahora.org\/index.php?rest_route=\/wp\/v2\/posts\/304\/revisions"}],"predecessor-version":[{"id":332,"href":"https:\/\/aquiyahora.org\/index.php?rest_route=\/wp\/v2\/posts\/304\/revisions\/332"}],"wp:featuredmedia":[{"embeddable":true,"href":"https:\/\/aquiyahora.org\/index.php?rest_route=\/wp\/v2\/media\/305"}],"wp:attachment":[{"href":"https:\/\/aquiyahora.org\/index.php?rest_route=%2Fwp%2Fv2%2Fmedia&parent=304"}],"wp:term":[{"taxonomy":"category","embeddable":true,"href":"https:\/\/aquiyahora.org\/index.php?rest_route=%2Fwp%2Fv2%2Fcategories&post=304"},{"taxonomy":"post_tag","embeddable":true,"href":"https:\/\/aquiyahora.org\/index.php?rest_route=%2Fwp%2Fv2%2Ftags&post=304"}],"curies":[{"name":"wp","href":"https:\/\/api.w.org\/{rel}","templated":true}]}}